{"id":9599,"date":"2022-08-18T12:54:58","date_gmt":"2022-08-18T10:54:58","guid":{"rendered":"https:\/\/mwb.com.pl\/mwb2017\/?p=9599"},"modified":"2022-08-31T09:18:32","modified_gmt":"2022-08-31T07:18:32","slug":"rocznica-bitwy-o-bialystok-1920-r","status":"publish","type":"post","link":"https:\/\/mwb.com.pl\/mwb2017\/rocznica-bitwy-o-bialystok-1920-r\/","title":{"rendered":"Rocznica Bitwy o Bia\u0142ystok 1920 r."},"content":{"rendered":"<p>W przededniu rocznicy wydarze\u0144, kt\u00f3re do historii przesz\u0142y pod mianem Bitwy o Bia\u0142ystok, zapraszamy do Muzeum Wojska w Bia\u0142ymstoku (ul. Kili\u0144skiego 7). Tego dnia pracujemy w godz. 9:30-17:00. Zdarzeniom z 1920 roku po\u015bwi\u0119cona jest du\u017ca cz\u0119\u015b\u0107 naszej ekspozycji sta\u0142ej \u201eMi\u0119dzy dwiema wojnami\u201d<!--more--><\/p>\n<p>gdzie prezentujemy m.in. umundurowanie, wyposa\u017cenie i uzbrojenie \u017co\u0142nierzy bior\u0105cych udzia\u0142 w wojnie polsko-bolszewickiej.<\/p>\n<p>W muzealnym sklepie wci\u0105\u017c dost\u0119pne s\u0105 publikacje po\u015bwi\u0119cone bitwie i jej uczestnikom:<\/p>\n<ul>\n<li>Dobro\u0144ski, M. Gajewski, &#8222;Bia\u0142ystok 1920&#8221;, 104 str., fot. cz.\/b. i kol., oprawa twarda, 2019 r., cena \u2013 25 z\u0142.<\/li>\n<li>Gajewski, &#8222;Najdzielniejszy z dzielnych. Mjr J\u00f3zef Bronis\u0142aw Marja\u0144ski (1892-1920)\u201d, 112 str., fot. cz.\/b. i kol., oprawa twarda, 2006 r., cena \u2013 25 z\u0142<\/li>\n<\/ul>\n<p>Marek Gajewski b\u0119dzie tak\u017ce przewodnikiem spaceru historycznego, kt\u00f3ry rozpocznie si\u0119 o godz. 13.00. Miejsce zbi\u00f3rki uczestnik\u00f3w to wej\u015bcie Cmentarza Wojskowego przy ul. 11 Listopada. Trasa spaceru: Cmentarz Wojskowy \u2013 ul. Zwierzyniecka \u2013 ul. Bema \u2013 ul. Marja\u0144skiego \u2013 ul. Suraska \u2013 Rynek Ko\u015bciuszki. Czas trwania ok. 90 minut. Udzia\u0142 w wydarzeniu jest bezp\u0142atny.<\/p>\n","protected":false},"excerpt":{"rendered":"<p>W przededniu rocznicy wydarze\u0144, kt\u00f3re do historii przesz\u0142y pod mianem Bitwy o Bia\u0142ystok, zapraszamy do Muzeum Wojska w Bia\u0142ymstoku (ul. Kili\u0144skiego 7). Tego dnia pracujemy w godz. 9:30-17:00. Zdarzeniom z 1920 roku po\u015bwi\u0119cona jest du\u017ca cz\u0119\u015b\u0107 naszej ekspozycji sta\u0142ej \u201eMi\u0119dzy dwiema wojnami\u201d<\/p>\n","protected":false},"author":2,"featured_media":9521,"comment_status":"closed","ping_status":"open","sticky":false,"template":"","format":"standard","meta":{"ngg_post_thumbnail":0,"h5ap_radio_sources":[],"_vp_format_video_url":"","_vp_image_focal_point":[],"footnotes":""},"categories":[1],"tags":[],"class_list":["post-9599","post","type-post","status-publish","format-standard","has-post-thumbnail","hentry","category-bez-kategorii"],"_links":{"self":[{"href":"https:\/\/mwb.com.pl\/mwb2017\/wp-json\/wp\/v2\/posts\/9599","targetHints":{"allow":["GET"]}}],"collection":[{"href":"https:\/\/mwb.com.pl\/mwb2017\/wp-json\/wp\/v2\/posts"}],"about":[{"href":"https:\/\/mwb.com.pl\/mwb2017\/wp-json\/wp\/v2\/types\/post"}],"author":[{"embeddable":true,"href":"https:\/\/mwb.com.pl\/mwb2017\/wp-json\/wp\/v2\/users\/2"}],"replies":[{"embeddable":true,"href":"https:\/\/mwb.com.pl\/mwb2017\/wp-json\/wp\/v2\/comments?post=9599"}],"version-history":[{"count":1,"href":"https:\/\/mwb.com.pl\/mwb2017\/wp-json\/wp\/v2\/posts\/9599\/revisions"}],"predecessor-version":[{"id":9600,"href":"https:\/\/mwb.com.pl\/mwb2017\/wp-json\/wp\/v2\/posts\/9599\/revisions\/9600"}],"wp:featuredmedia":[{"embeddable":true,"href":"https:\/\/mwb.com.pl\/mwb2017\/wp-json\/wp\/v2\/media\/9521"}],"wp:attachment":[{"href":"https:\/\/mwb.com.pl\/mwb2017\/wp-json\/wp\/v2\/media?parent=9599"}],"wp:term":[{"taxonomy":"category","embeddable":true,"href":"https:\/\/mwb.com.pl\/mwb2017\/wp-json\/wp\/v2\/categories?post=9599"},{"taxonomy":"post_tag","embeddable":true,"href":"https:\/\/mwb.com.pl\/mwb2017\/wp-json\/wp\/v2\/tags?post=9599"}],"curies":[{"name":"wp","href":"https:\/\/api.w.org\/{rel}","templated":true}]}}