{"id":8999,"date":"2022-05-06T08:38:45","date_gmt":"2022-05-06T06:38:45","guid":{"rendered":"https:\/\/mwb.com.pl\/mwb2017\/?p=8999"},"modified":"2022-05-06T08:38:45","modified_gmt":"2022-05-06T06:38:45","slug":"otwarcie-wystawy-nazywam-sie-lusia-10-maja-br","status":"publish","type":"post","link":"https:\/\/mwb.com.pl\/mwb2017\/otwarcie-wystawy-nazywam-sie-lusia-10-maja-br\/","title":{"rendered":"Otwarcie wystawy &#8222;Nazywam si\u0119 Lusia&#8230;&#8221; (10 maja br.)"},"content":{"rendered":"<p>Serdecznie zapraszamy na otwarcie wystawy \u201eNazywam si\u0119 Lusia\u2026\u201d, kt\u00f3ra prezentowana b\u0119dzie w przestrzeni miejskiej, na Skwerze Armii Krajowej w Bia\u0142ymstoku. Patronat honorowy nad ekspozycj\u0105 obj\u0119li Prezydenta Miasta Bia\u0142egostoku oraz Ambasada Francji w Polsce. Wydarzenie odb\u0119dzie si\u0119 we wtorek, 10 maja br., o godz. 10:00.<\/p>\n<p>&nbsp;<\/p>\n<p><!--more--><\/p>\n<blockquote><p>Bogus\u0142aw Kosel (autor): &#8222;Wystawa opowiada burzliw\u0105 histori\u0119 rodziny Gurwicz\u00f3w, mieszkaj\u0105cych przed II wojn\u0105 \u015bwiatow\u0105 w Bia\u0142ymstoku. Ich losy poznajemy z perspektywy Lusi, a w\u0142a\u015bciwie Lei (\u2026)\u201d.<\/p>\n<p>Lea Gurwicz: \u201eWszyscy m\u00f3wi\u0105 na mnie Lusia. Urodzi\u0142am si\u0119 w Bia\u0142ymstoku 30 kwietnia 1918 roku, na kilka miesi\u0119cy przez odzyskaniem przez Polsk\u0119 niepodleg\u0142o\u015bci. Moi rodzice Pesza i Noson Gurwicz prowadzili\u00a0 przed wojn\u0105 fabryczk\u0119 produkuj\u0105c\u0105 wat\u0119, a tata dodatkowo zarz\u0105dza\u0142 tak\u017ce innymi przedsi\u0119biorstwami. Razem z rodzicami i rodze\u0144stwem \u2013 Broni\u0105 i Oskarem, mieszkali\u015bmy na ulicy Kili\u0144skiego pod nr 3. Za naszymi oknami wida\u0107 by\u0142o s\u0142ynny hotel Ritz. Lubi\u0142am to miejsce. Blisko st\u0105d by\u0142o do parku, gdzie uwielbia\u0142am spacerowa\u0107 w wolnych chwilach (\u2026). W 1935 roku wyjecha\u0142am do Wilna, gdzie zacz\u0119\u0142am studia na Wydziale Nauk Spo\u0142ecznych i Prawa Uniwersytetu Stefana Batorego (\u2026). Rok p\u00f3\u017aniej przenios\u0142am si\u0119 do Antwerpii w Belgii. Tam zasta\u0142 mnie wybuch wojny\u201d.<\/p><\/blockquote>\n","protected":false},"excerpt":{"rendered":"<p>Serdecznie zapraszamy na otwarcie wystawy \u201eNazywam si\u0119 Lusia\u2026\u201d, kt\u00f3ra prezentowana b\u0119dzie w przestrzeni miejskiej, na Skwerze Armii Krajowej w Bia\u0142ymstoku. Patronat honorowy nad ekspozycj\u0105 obj\u0119li Prezydenta Miasta Bia\u0142egostoku oraz Ambasada Francji w Polsce. Wydarzenie odb\u0119dzie si\u0119 we wtorek, 10 maja br., o godz. 10:00. &nbsp;<\/p>\n","protected":false},"author":2,"featured_media":8948,"comment_status":"closed","ping_status":"open","sticky":false,"template":"","format":"standard","meta":{"ngg_post_thumbnail":0,"h5ap_radio_sources":[],"_vp_format_video_url":"","_vp_image_focal_point":[],"footnotes":""},"categories":[1],"tags":[],"class_list":["post-8999","post","type-post","status-publish","format-standard","has-post-thumbnail","hentry","category-bez-kategorii"],"_links":{"self":[{"href":"https:\/\/mwb.com.pl\/mwb2017\/wp-json\/wp\/v2\/posts\/8999","targetHints":{"allow":["GET"]}}],"collection":[{"href":"https:\/\/mwb.com.pl\/mwb2017\/wp-json\/wp\/v2\/posts"}],"about":[{"href":"https:\/\/mwb.com.pl\/mwb2017\/wp-json\/wp\/v2\/types\/post"}],"author":[{"embeddable":true,"href":"https:\/\/mwb.com.pl\/mwb2017\/wp-json\/wp\/v2\/users\/2"}],"replies":[{"embeddable":true,"href":"https:\/\/mwb.com.pl\/mwb2017\/wp-json\/wp\/v2\/comments?post=8999"}],"version-history":[{"count":1,"href":"https:\/\/mwb.com.pl\/mwb2017\/wp-json\/wp\/v2\/posts\/8999\/revisions"}],"predecessor-version":[{"id":9000,"href":"https:\/\/mwb.com.pl\/mwb2017\/wp-json\/wp\/v2\/posts\/8999\/revisions\/9000"}],"wp:featuredmedia":[{"embeddable":true,"href":"https:\/\/mwb.com.pl\/mwb2017\/wp-json\/wp\/v2\/media\/8948"}],"wp:attachment":[{"href":"https:\/\/mwb.com.pl\/mwb2017\/wp-json\/wp\/v2\/media?parent=8999"}],"wp:term":[{"taxonomy":"category","embeddable":true,"href":"https:\/\/mwb.com.pl\/mwb2017\/wp-json\/wp\/v2\/categories?post=8999"},{"taxonomy":"post_tag","embeddable":true,"href":"https:\/\/mwb.com.pl\/mwb2017\/wp-json\/wp\/v2\/tags?post=8999"}],"curies":[{"name":"wp","href":"https:\/\/api.w.org\/{rel}","templated":true}]}}