{"id":7741,"date":"2021-10-13T10:48:25","date_gmt":"2021-10-13T08:48:25","guid":{"rendered":"https:\/\/mwb.com.pl\/mwb2017\/?p=7741"},"modified":"2021-10-15T10:23:39","modified_gmt":"2021-10-15T08:23:39","slug":"konkurs-patrioci-jutra-29-sierpnia-5-listopada-br","status":"publish","type":"post","link":"https:\/\/mwb.com.pl\/mwb2017\/konkurs-patrioci-jutra-29-sierpnia-5-listopada-br\/","title":{"rendered":"Konkurs &#8222;Patrioci jutra&#8221; (29 sierpnia &#8211; 5 listopada br.)"},"content":{"rendered":"<p>Zach\u0119camy do udzia\u0142u w konkursie &#8222;Patrioci jutra&#8221;, kt\u00f3ry kierowany jest do dzieci i m\u0142odzie\u017cy w wieku 4-12 lat. Na laureat\u00f3w ka\u017cdej z trzech kategorii wiekowej (przedszkola, klasy I-III, klasy IV-VI) czekaj\u0105 atrakcyjne nagrody w postaci voucher\u00f3w do sklep\u00f3w sportowych o warto\u015bci 1500 z\u0142. <!--more-->Celem konkursu jest m.in. zach\u0119cenie dzieci i m\u0142odzie\u017cy do poznawania przyrody i symboli przyrodniczych, zwi\u0119kszenie \u015bwiadomo\u015bci jej znaczenia, kreowanie postaw ekologicznych.<\/p>\n<p>Zadaniem konkursowym jest samodzielne wykonanie przez uczestnik\u00f3w pracy konkursowej na temat zwi\u0105zany z szeroko poj\u0119tym symbolem przyrodniczym ojczyzny, w postaci:<\/p>\n<ol>\n<li>pracy plastycznej formatu A4, wykonanej dowoln\u0105 technik\u0105 \u2013 uczniowie przedszkoli i klas I\u2011III,<\/li>\n<li>wydrukowana na papierze fotograficznym lub na drukarce atramentowej fotografia formatu A4 oraz plik graficzny zawieraj\u0105cy fotografi\u0119, przes\u0142any na adres konkurs@mwb.com.pl \u2013 uczniowie klas IV-VI.<\/li>\n<\/ol>\n<p>Prace oceniane b\u0119d\u0105 w trzech kategoriach wiekowych: przedszkola, klasy I-III, klasy IV-VI. Laureatom konkursu zostan\u0105 przyznane nagrody w postaci voucher\u00f3w do sklep\u00f3w sportowych o warto\u015bci 1500 z\u0142 ka\u017cdy, jedna nagroda w ka\u017cdej kategorii wiekowej.<\/p>\n<p>Prace konkursowe wraz z wype\u0142nionym o\u015bwiadczeniem nale\u017cy dostarczy\u0107 do siedziby Muzeum Wojska w Bia\u0142ymstoku (ul. Jana Kili\u0144skiego 7) w dniach 29.08.2021 \u2013 5.11.2021 r. Podsumowanie i og\u0142oszenie wynik\u00f3w konkursu nast\u0105pi do 9.11.2021 r.<\/p>\n<p>Organizatorami konkursu s\u0105 Muzeum Wojska w Bia\u0142ymstoku, Galeria Arsena\u0142 w Bia\u0142ymstoku oraz Uniwersyteckie Centrum Przyrodnicze im. Profesora Andrzeja Myrchy<\/p>\n<p><strong>Do pobrania:<\/strong><\/p>\n<p><a href=\"https:\/\/mwb.com.pl\/mwb2017\/wp-content\/uploads\/2021\/08\/Regulamin-konkursu-Patrioci-Jutra.pdf\" target=\"_blank\" rel=\"noopener noreferrer\">Regulamin konkursu i o\u015bwiadczenie<\/a><\/p>\n<p><a href=\"https:\/\/mwb.com.pl\/mwb2017\/wp-content\/uploads\/patriotyzm_jutra\/tekst_prosty_konkurs.pdf\" target=\"_blank\" rel=\"noopener noreferrer\">Regulamin &#8211; tekst \u0142atwy<\/a><\/p>\n<p><a href=\"https:\/\/mwb.com.pl\/mwb2017\/wp-content\/uploads\/patriotyzm_jutra\/aneks.pdf\" target=\"_blank\" rel=\"noopener noreferrer\">Aneks do regulaminu<\/a><\/p>\n<p>&nbsp;<br \/>\n<strong>Materia\u0142y dla nauczycieli przygotowane przez Uniwersyteckie Centrum Przyrodnicze:<\/strong><\/p>\n<p><a href=\"https:\/\/mwb.com.pl\/mwb2017\/wp-content\/uploads\/patriotyzm_jutra\/pdf\/bielik_ptak_narodowy.pdf\" target=\"_blank\" rel=\"noopener noreferrer\">Bielik &#8211; nasz ptak narodowy<\/a><\/p>\n<p><a href=\"https:\/\/mwb.com.pl\/mwb2017\/wp-content\/uploads\/patriotyzm_jutra\/pdf\/bielik_przedszkole.pdf\" target=\"_blank\" rel=\"noopener noreferrer\">Bielik &#8211; Przedszkole<\/a><\/p>\n<p><a href=\"https:\/\/mwb.com.pl\/mwb2017\/wp-content\/uploads\/patriotyzm_jutra\/pdf\/bielik_sp.pdf\" target=\"_blank\" rel=\"noopener noreferrer\">Bielik &#8211; SP<\/a><\/p>\n<p><a href=\"https:\/\/mwb.com.pl\/mwb2017\/wp-content\/uploads\/patriotyzm_jutra\/pdf\/bocian_bialy_prezentacja.pdf\" target=\"_blank\" rel=\"noopener noreferrer\">Bocian bia\u0142y-prezentacja<\/a><\/p>\n<p><a href=\"https:\/\/mwb.com.pl\/mwb2017\/wp-content\/uploads\/patriotyzm_jutra\/pdf\/bocian_bialy_przedszkole.pdf\" target=\"_blank\" rel=\"noopener noreferrer\">Bocian bia\u0142y &#8211; Przedszkole<\/a><\/p>\n<p><a href=\"https:\/\/mwb.com.pl\/mwb2017\/wp-content\/uploads\/patriotyzm_jutra\/pdf\/bocian_bialy_sp.pdf\" target=\"_blank\" rel=\"noopener noreferrer\">Bocian bia\u0142y &#8211; SP<\/a><\/p>\n<p><a href=\"https:\/\/mwb.com.pl\/mwb2017\/wp-content\/uploads\/patriotyzm_jutra\/pdf\/dab_prezentacja.pdf\" target=\"_blank\" rel=\"noopener noreferrer\">D\u0105b &#8211; prezentacja<\/a><\/p>\n<p><a href=\"https:\/\/mwb.com.pl\/mwb2017\/wp-content\/uploads\/patriotyzm_jutra\/pdf\/dab_przedszkole.pdf\" target=\"_blank\" rel=\"noopener noreferrer\">D\u0105b &#8211; Przedszkole<\/a><\/p>\n<p><a href=\"https:\/\/mwb.com.pl\/mwb2017\/wp-content\/uploads\/patriotyzm_jutra\/pdf\/dab_sp.pdf\" target=\"_blank\" rel=\"noopener noreferrer\">D\u0105b &#8211; SP<\/a><\/p>\n<p><a href=\"https:\/\/mwb.com.pl\/mwb2017\/wp-content\/uploads\/patriotyzm_jutra\/pdf\/zubr_prezentacja.pdf\" target=\"_blank\" rel=\"noopener noreferrer\">\u017bubr &#8211; kr\u00f3l puszczy &#8211; prezentacja<\/a><\/p>\n<p><a href=\"https:\/\/mwb.com.pl\/mwb2017\/wp-content\/uploads\/patriotyzm_jutra\/pdf\/zubr_przedszkole.pdf\" target=\"_blank\" rel=\"noopener noreferrer\">\u017bubr kr\u00f3l puszczy &#8211; Przedszkole<\/a><\/p>\n<p><a href=\"https:\/\/mwb.com.pl\/mwb2017\/wp-content\/uploads\/patriotyzm_jutra\/pdf\/zubr_sp.pdf\" target=\"_blank\" rel=\"noopener noreferrer\">\u017bubr kr\u00f3l puszczy &#8211; SP<\/a><\/p>\n<p><a href=\"https:\/\/mwb.com.pl\/mwb2017\/wp-content\/uploads\/patriotyzm_jutra\/pdf\/pszczola_owad_narodowy.pdf\" target=\"_blank\" rel=\"noopener noreferrer\">Pszczo\u0142a miodna owad narodowy<\/a><\/p>\n","protected":false},"excerpt":{"rendered":"<p>Zach\u0119camy do udzia\u0142u w konkursie &#8222;Patrioci jutra&#8221;, kt\u00f3ry kierowany jest do dzieci i m\u0142odzie\u017cy w wieku 4-12 lat. Na laureat\u00f3w ka\u017cdej z trzech kategorii wiekowej (przedszkola, klasy I-III, klasy IV-VI) czekaj\u0105 atrakcyjne nagrody w postaci voucher\u00f3w do sklep\u00f3w sportowych o warto\u015bci 1500 z\u0142.<\/p>\n","protected":false},"author":2,"featured_media":7512,"comment_status":"closed","ping_status":"open","sticky":false,"template":"","format":"standard","meta":{"ngg_post_thumbnail":0,"h5ap_radio_sources":[],"_vp_format_video_url":"","_vp_image_focal_point":[],"footnotes":""},"categories":[1],"tags":[],"class_list":["post-7741","post","type-post","status-publish","format-standard","has-post-thumbnail","hentry","category-bez-kategorii"],"_links":{"self":[{"href":"https:\/\/mwb.com.pl\/mwb2017\/wp-json\/wp\/v2\/posts\/7741","targetHints":{"allow":["GET"]}}],"collection":[{"href":"https:\/\/mwb.com.pl\/mwb2017\/wp-json\/wp\/v2\/posts"}],"about":[{"href":"https:\/\/mwb.com.pl\/mwb2017\/wp-json\/wp\/v2\/types\/post"}],"author":[{"embeddable":true,"href":"https:\/\/mwb.com.pl\/mwb2017\/wp-json\/wp\/v2\/users\/2"}],"replies":[{"embeddable":true,"href":"https:\/\/mwb.com.pl\/mwb2017\/wp-json\/wp\/v2\/comments?post=7741"}],"version-history":[{"count":8,"href":"https:\/\/mwb.com.pl\/mwb2017\/wp-json\/wp\/v2\/posts\/7741\/revisions"}],"predecessor-version":[{"id":8138,"href":"https:\/\/mwb.com.pl\/mwb2017\/wp-json\/wp\/v2\/posts\/7741\/revisions\/8138"}],"wp:featuredmedia":[{"embeddable":true,"href":"https:\/\/mwb.com.pl\/mwb2017\/wp-json\/wp\/v2\/media\/7512"}],"wp:attachment":[{"href":"https:\/\/mwb.com.pl\/mwb2017\/wp-json\/wp\/v2\/media?parent=7741"}],"wp:term":[{"taxonomy":"category","embeddable":true,"href":"https:\/\/mwb.com.pl\/mwb2017\/wp-json\/wp\/v2\/categories?post=7741"},{"taxonomy":"post_tag","embeddable":true,"href":"https:\/\/mwb.com.pl\/mwb2017\/wp-json\/wp\/v2\/tags?post=7741"}],"curies":[{"name":"wp","href":"https:\/\/api.w.org\/{rel}","templated":true}]}}